{"id":192,"date":"2025-06-17T15:08:36","date_gmt":"2025-06-17T13:08:36","guid":{"rendered":"https:\/\/landgasthaus-von-kalnassy.de\/?p=192"},"modified":"2025-11-24T22:58:48","modified_gmt":"2025-11-24T21:58:48","slug":"am-21-und-22-juni-2025-geschlossen","status":"publish","type":"post","link":"https:\/\/landgasthaus-von-kalnassy.de\/?p=192","title":{"rendered":"Am 21. und 22. Juni 2025 geschlossen"},"content":{"rendered":"\n<p>Liebe Besucher:innen,<\/p>\n\n\n\n<p>wir m\u00f6chten euch darauf hinweisen, dass unser Restaurant am kommenden Wochenende, d.h. am 21. und 22. Juni 2025 geschlossen bleibt.<\/p>\n\n\n\n<p>Wir freuen uns, Sie in der kommenden Woche dann wieder bei uns begr\u00fc\u00dfen zu d\u00fcrfen.<\/p>\n\n\n\n<p>Danke sehr f\u00fcr Ihr Verst\u00e4ndnis.<\/p>\n\n\n\n<p><\/p>\n","protected":false},"excerpt":{"rendered":"<p>Liebe Besucher:innen, wir m\u00f6chten euch darauf hinweisen, dass unser Restaurant am kommenden Wochenende, d.h. am 21. und 22. Juni 2025 geschlossen bleibt. Wir freuen uns, Sie in der kommenden Woche dann wieder bei uns begr\u00fc\u00dfen zu d\u00fcrfen. Danke sehr f\u00fcr Ihr Verst\u00e4ndnis.<\/p>\n","protected":false},"author":1,"featured_media":0,"comment_status":"closed","ping_status":"open","sticky":false,"template":"","format":"standard","meta":{"footnotes":""},"categories":[7],"tags":[],"class_list":["post-192","post","type-post","status-publish","format-standard","hentry","category-archiv"],"_links":{"self":[{"href":"https:\/\/landgasthaus-von-kalnassy.de\/index.php?rest_route=\/wp\/v2\/posts\/192","targetHints":{"allow":["GET"]}}],"collection":[{"href":"https:\/\/landgasthaus-von-kalnassy.de\/index.php?rest_route=\/wp\/v2\/posts"}],"about":[{"href":"https:\/\/landgasthaus-von-kalnassy.de\/index.php?rest_route=\/wp\/v2\/types\/post"}],"author":[{"embeddable":true,"href":"https:\/\/landgasthaus-von-kalnassy.de\/index.php?rest_route=\/wp\/v2\/users\/1"}],"replies":[{"embeddable":true,"href":"https:\/\/landgasthaus-von-kalnassy.de\/index.php?rest_route=%2Fwp%2Fv2%2Fcomments&post=192"}],"version-history":[{"count":1,"href":"https:\/\/landgasthaus-von-kalnassy.de\/index.php?rest_route=\/wp\/v2\/posts\/192\/revisions"}],"predecessor-version":[{"id":193,"href":"https:\/\/landgasthaus-von-kalnassy.de\/index.php?rest_route=\/wp\/v2\/posts\/192\/revisions\/193"}],"wp:attachment":[{"href":"https:\/\/landgasthaus-von-kalnassy.de\/index.php?rest_route=%2Fwp%2Fv2%2Fmedia&parent=192"}],"wp:term":[{"taxonomy":"category","embeddable":true,"href":"https:\/\/landgasthaus-von-kalnassy.de\/index.php?rest_route=%2Fwp%2Fv2%2Fcategories&post=192"},{"taxonomy":"post_tag","embeddable":true,"href":"https:\/\/landgasthaus-von-kalnassy.de\/index.php?rest_route=%2Fwp%2Fv2%2Ftags&post=192"}],"curies":[{"name":"wp","href":"https:\/\/api.w.org\/{rel}","templated":true}]}}