{"id":180,"date":"2025-03-30T15:19:50","date_gmt":"2025-03-30T13:19:50","guid":{"rendered":"https:\/\/landgasthaus-von-kalnassy.de\/?p=180"},"modified":"2025-11-24T22:58:48","modified_gmt":"2025-11-24T21:58:48","slug":"am-06-april-2025-geschlossen","status":"publish","type":"post","link":"https:\/\/landgasthaus-von-kalnassy.de\/?p=180","title":{"rendered":"Am 06. April 2025 geschlossen"},"content":{"rendered":"\n<p>Liebe Besucher*innen des Landgasthauses,<\/p>\n\n\n\n<p>am 06. April 2025 bleibt unsere Gastst\u00e4tte geschlossen, da an diesem Tag Feierlichkeiten in unseren R\u00e4umlichkeiten stattfinden. <\/p>\n\n\n\n<p>Wir danken f\u00fcr Ihr Verst\u00e4ndnis und freuen uns, Sie bald wieder bei uns begr\u00fc\u00dfen zu d\u00fcrfen!<\/p>\n\n\n\n<p><\/p>\n","protected":false},"excerpt":{"rendered":"<p>Liebe Besucher*innen des Landgasthauses, am 06. April 2025 bleibt unsere Gastst\u00e4tte geschlossen, da an diesem Tag Feierlichkeiten in unseren R\u00e4umlichkeiten stattfinden. Wir danken f\u00fcr Ihr Verst\u00e4ndnis und freuen uns, Sie bald wieder bei uns begr\u00fc\u00dfen zu d\u00fcrfen!<\/p>\n","protected":false},"author":1,"featured_media":0,"comment_status":"closed","ping_status":"open","sticky":false,"template":"","format":"standard","meta":{"footnotes":""},"categories":[7],"tags":[],"class_list":["post-180","post","type-post","status-publish","format-standard","hentry","category-archiv"],"_links":{"self":[{"href":"https:\/\/landgasthaus-von-kalnassy.de\/index.php?rest_route=\/wp\/v2\/posts\/180","targetHints":{"allow":["GET"]}}],"collection":[{"href":"https:\/\/landgasthaus-von-kalnassy.de\/index.php?rest_route=\/wp\/v2\/posts"}],"about":[{"href":"https:\/\/landgasthaus-von-kalnassy.de\/index.php?rest_route=\/wp\/v2\/types\/post"}],"author":[{"embeddable":true,"href":"https:\/\/landgasthaus-von-kalnassy.de\/index.php?rest_route=\/wp\/v2\/users\/1"}],"replies":[{"embeddable":true,"href":"https:\/\/landgasthaus-von-kalnassy.de\/index.php?rest_route=%2Fwp%2Fv2%2Fcomments&post=180"}],"version-history":[{"count":1,"href":"https:\/\/landgasthaus-von-kalnassy.de\/index.php?rest_route=\/wp\/v2\/posts\/180\/revisions"}],"predecessor-version":[{"id":183,"href":"https:\/\/landgasthaus-von-kalnassy.de\/index.php?rest_route=\/wp\/v2\/posts\/180\/revisions\/183"}],"wp:attachment":[{"href":"https:\/\/landgasthaus-von-kalnassy.de\/index.php?rest_route=%2Fwp%2Fv2%2Fmedia&parent=180"}],"wp:term":[{"taxonomy":"category","embeddable":true,"href":"https:\/\/landgasthaus-von-kalnassy.de\/index.php?rest_route=%2Fwp%2Fv2%2Fcategories&post=180"},{"taxonomy":"post_tag","embeddable":true,"href":"https:\/\/landgasthaus-von-kalnassy.de\/index.php?rest_route=%2Fwp%2Fv2%2Ftags&post=180"}],"curies":[{"name":"wp","href":"https:\/\/api.w.org\/{rel}","templated":true}]}}