{"id":176,"date":"2025-01-10T10:14:08","date_gmt":"2025-01-10T09:14:08","guid":{"rendered":"https:\/\/landgasthaus-von-kalnassy.de\/?p=176"},"modified":"2025-11-24T22:58:48","modified_gmt":"2025-11-24T21:58:48","slug":"urlaub-vom-19-bis-26-januar","status":"publish","type":"post","link":"https:\/\/landgasthaus-von-kalnassy.de\/?p=176","title":{"rendered":"Urlaub vom 19. bis 26. Januar 2025"},"content":{"rendered":"\n<p>Liebe Besucher:innen,<\/p>\n\n\n\n<p>wir g\u00f6nnen uns eine kurze Pause: <\/p>\n\n\n\n<p>Wegen Urlaubs bleibt unser Landgasthaus also vom 19. bis 26. Januar 2025 geschlossen. Danach sind wir wieder wie gewohnt f\u00fcr Sie da und freuen uns darauf, Sie dann wieder bei uns zu begr\u00fc\u00dfen!<\/p>\n\n\n\n<p>Danke f\u00fcr Ihr Verst\u00e4ndnis und bis bald!<\/p>\n","protected":false},"excerpt":{"rendered":"<p>Liebe Besucher:innen, wir g\u00f6nnen uns eine kurze Pause: Wegen Urlaubs bleibt unser Landgasthaus also vom 19. bis 26. Januar 2025 geschlossen. Danach sind wir wieder wie gewohnt f\u00fcr Sie da und freuen uns darauf, Sie dann wieder bei uns zu begr\u00fc\u00dfen! Danke f\u00fcr Ihr Verst\u00e4ndnis und bis bald!<\/p>\n","protected":false},"author":1,"featured_media":0,"comment_status":"closed","ping_status":"open","sticky":false,"template":"","format":"standard","meta":{"footnotes":""},"categories":[7],"tags":[],"class_list":["post-176","post","type-post","status-publish","format-standard","hentry","category-archiv"],"_links":{"self":[{"href":"https:\/\/landgasthaus-von-kalnassy.de\/index.php?rest_route=\/wp\/v2\/posts\/176","targetHints":{"allow":["GET"]}}],"collection":[{"href":"https:\/\/landgasthaus-von-kalnassy.de\/index.php?rest_route=\/wp\/v2\/posts"}],"about":[{"href":"https:\/\/landgasthaus-von-kalnassy.de\/index.php?rest_route=\/wp\/v2\/types\/post"}],"author":[{"embeddable":true,"href":"https:\/\/landgasthaus-von-kalnassy.de\/index.php?rest_route=\/wp\/v2\/users\/1"}],"replies":[{"embeddable":true,"href":"https:\/\/landgasthaus-von-kalnassy.de\/index.php?rest_route=%2Fwp%2Fv2%2Fcomments&post=176"}],"version-history":[{"count":2,"href":"https:\/\/landgasthaus-von-kalnassy.de\/index.php?rest_route=\/wp\/v2\/posts\/176\/revisions"}],"predecessor-version":[{"id":178,"href":"https:\/\/landgasthaus-von-kalnassy.de\/index.php?rest_route=\/wp\/v2\/posts\/176\/revisions\/178"}],"wp:attachment":[{"href":"https:\/\/landgasthaus-von-kalnassy.de\/index.php?rest_route=%2Fwp%2Fv2%2Fmedia&parent=176"}],"wp:term":[{"taxonomy":"category","embeddable":true,"href":"https:\/\/landgasthaus-von-kalnassy.de\/index.php?rest_route=%2Fwp%2Fv2%2Fcategories&post=176"},{"taxonomy":"post_tag","embeddable":true,"href":"https:\/\/landgasthaus-von-kalnassy.de\/index.php?rest_route=%2Fwp%2Fv2%2Ftags&post=176"}],"curies":[{"name":"wp","href":"https:\/\/api.w.org\/{rel}","templated":true}]}}